{"id":1124,"date":"2023-05-22T14:42:23","date_gmt":"2023-05-22T14:42:23","guid":{"rendered":"https:\/\/cness.ne\/?p=1124"},"modified":"2025-08-06T10:39:36","modified_gmt":"2025-08-06T10:39:36","slug":"africa-code-week-2020","status":"publish","type":"post","link":"https:\/\/cness.ne\/?p=1124","title":{"rendered":"Cadre de Concertation des Centres d\u2019\u00c9tudes Strat\u00e9giques de la Conf\u00e9d\u00e9ration \u00ab AES \u00bb"},"content":{"rendered":"\n<p>Ce mercredi 26 f\u00e9vrier 2025 a marqu\u00e9 officiellement la relance des activit\u00e9s du Cadre de Concertation des Centres d\u2019\u00c9tudes Strat\u00e9giques de la Conf\u00e9d\u00e9ration avec notamment comme actes majeurs, la passation des charges de la pr\u00e9sidence tournante, une discussion sur le r\u00f4le de ces centres dans la construction de la Conf\u00e9d\u00e9ration et la signature du m\u00e9morandum d\u2019entente, \u00e0 Ouagadougou au Burkina-Faso.<\/p>\n\n\n\n<p>Apr\u00e8s son mandat \u00e0 la t\u00eate du cadre de concertation des Centres d\u2019\u00c9tudes Strat\u00e9giques du Liptako, le G\u00e9n\u00e9ral de Brigade Satigui SIDIBE, Directeur du Centre d\u2019\u00c9tudes Strat\u00e9giques (CES) du Mali, laisse la place \u00e0 son homologue, le G\u00e9n\u00e9ral de Brigade Barth\u00e9l\u00e9my SIMPORE, Directeur G\u00e9n\u00e9ral du Centre National d\u2019\u00c9tudes Strat\u00e9giques (CNES) du Burkina Faso.<\/p>\n\n\n\n<p>La c\u00e9r\u00e9monie s&rsquo;est d\u00e9roul\u00e9e dans une ambiance studieuse, d\u00e9tendue et chaleureuse en pr\u00e9sence du Directeur du Centre National d\u2019\u00c9tudes Strat\u00e9giques et de S\u00e9curit\u00e9 (CNESS) du Niger, le Colonel-Major Mahamadou NOUHOU BAKO et sa d\u00e9l\u00e9gation.<\/p>\n\n\n\n<p>Pour rappel, le pr\u00e9sident du cadre de concertation est charg\u00e9 de coordonner la mise en \u0153uvre du programme annuel conjoint d\u2019activit\u00e9s \u00e9labor\u00e9 de commun accord entre les trois Centres. Il s\u2019agit d\u2019une n\u00e9cessit\u00e9 de mise en place d\u2019une puissante synergie pour la construction d\u2019une conf\u00e9d\u00e9ration strat\u00e8ge pour un sahel stable dans un environnement changeant. En d\u2019autres termes, de renforcer la coop\u00e9ration entre les trois centres en accentuant leur ancrage institutionnel afin qu\u2019ils puissent v\u00e9ritablement jouer leur partition dans la vision strat\u00e9gique des autorit\u00e9s pour la construction de la Conf\u00e9d\u00e9ration.<\/p>\n","protected":false},"excerpt":{"rendered":"<p>Ce mercredi 26 f\u00e9vrier 2025 a marqu\u00e9 officiellement la relance des activit\u00e9s du Cadre de Concertation des Centres d\u2019\u00c9tudes Strat\u00e9giques de la Conf\u00e9d\u00e9ration avec notamment comme actes majeurs, la passation des charges de la pr\u00e9sidence tournante, une discussion sur le r\u00f4le de ces centres dans la construction de la Conf\u00e9d\u00e9ration et la signature du m\u00e9morandum [&hellip;]<\/p>\n","protected":false},"author":1,"featured_media":1267,"comment_status":"open","ping_status":"open","sticky":false,"template":"","format":"standard","meta":{"footnotes":""},"categories":[1],"tags":[],"class_list":["post-1124","post","type-post","status-publish","format-standard","has-post-thumbnail","hentry","category-actualite"],"_links":{"self":[{"href":"https:\/\/cness.ne\/index.php?rest_route=\/wp\/v2\/posts\/1124","targetHints":{"allow":["GET"]}}],"collection":[{"href":"https:\/\/cness.ne\/index.php?rest_route=\/wp\/v2\/posts"}],"about":[{"href":"https:\/\/cness.ne\/index.php?rest_route=\/wp\/v2\/types\/post"}],"author":[{"embeddable":true,"href":"https:\/\/cness.ne\/index.php?rest_route=\/wp\/v2\/users\/1"}],"replies":[{"embeddable":true,"href":"https:\/\/cness.ne\/index.php?rest_route=%2Fwp%2Fv2%2Fcomments&post=1124"}],"version-history":[{"count":2,"href":"https:\/\/cness.ne\/index.php?rest_route=\/wp\/v2\/posts\/1124\/revisions"}],"predecessor-version":[{"id":1197,"href":"https:\/\/cness.ne\/index.php?rest_route=\/wp\/v2\/posts\/1124\/revisions\/1197"}],"wp:featuredmedia":[{"embeddable":true,"href":"https:\/\/cness.ne\/index.php?rest_route=\/wp\/v2\/media\/1267"}],"wp:attachment":[{"href":"https:\/\/cness.ne\/index.php?rest_route=%2Fwp%2Fv2%2Fmedia&parent=1124"}],"wp:term":[{"taxonomy":"category","embeddable":true,"href":"https:\/\/cness.ne\/index.php?rest_route=%2Fwp%2Fv2%2Fcategories&post=1124"},{"taxonomy":"post_tag","embeddable":true,"href":"https:\/\/cness.ne\/index.php?rest_route=%2Fwp%2Fv2%2Ftags&post=1124"}],"curies":[{"name":"wp","href":"https:\/\/api.w.org\/{rel}","templated":true}]}}