{"id":1401,"date":"2025-08-09T08:55:39","date_gmt":"2025-08-09T08:55:39","guid":{"rendered":"https:\/\/cness.ne\/?p=1401"},"modified":"2025-08-18T14:23:10","modified_gmt":"2025-08-18T14:23:10","slug":"un-colloque-scientifique-international-ayant-porte-sur-le-theme-general-de-etat-et-souverainete-enjeux-defis-et-perspectives-pour-les-pays-de-lalliance-des-etats-du-sahel-aes","status":"publish","type":"post","link":"https:\/\/cness.ne\/?p=1401","title":{"rendered":"Un Colloque Scientifique International, ayant port\u00e9 sur le th\u00e8me g\u00e9n\u00e9ral de : \u00ab Etat et Souverainet\u00e9 : Enjeux, D\u00e9fis et Perspectives pour les Pays de l\u2019Alliance des Etats du Sahel (AES) \u00bb."},"content":{"rendered":"\n<p>Du 11 au 12 d\u00e9cembre 2024 s\u2019est tenu dans le nouvel auditorium du campus 2 de l\u2019Universit\u00e9 Djibo Hamani de Tahoua, un Colloque Scientifique International, ayant port\u00e9 sur le th\u00e8me g\u00e9n\u00e9ral de : \u00ab Etat et Souverainet\u00e9 : Enjeux, D\u00e9fis et Perspectives pour les Pays de l\u2019Alliance des Etats du Sahel (AES) \u00bb.<\/p>\n\n\n\n<p>Quatre panels ont compos\u00e9 ce colloque, dont les th\u00e8mes sont les suivants :<\/p>\n\n\n\n<p>1er panel : D\u00e9fense, S\u00e9curit\u00e9 et Souverainet\u00e9 : la qu\u00eate d\u2019autonomie strat\u00e9gique ;<\/p>\n\n\n\n<p>2\u00e8me panel : La Gouvernance Politique et Souverainet\u00e9 ;<\/p>\n\n\n\n<p>3\u00e8me panel : D\u00e9fis Socio\u00e9conomiques et de Souverainet\u00e9 ;<\/p>\n\n\n\n<p>4\u00e8me panel : AES : Instruments de Souverainet\u00e9 et de D\u00e9veloppement.<\/p>\n\n\n\n<p>Le premier panel : \u00ab D\u00e9fense, S\u00e9curit\u00e9 et Souverainet\u00e9 : la qu\u00eate d\u2019autonomie strat\u00e9gique \u00bb, a port\u00e9 sur trois th\u00e9matiques :<\/p>\n\n\n\n<p>Th\u00e8me 1 : \u00ab Quelle Strat\u00e9gie de S\u00e9curit\u00e9 et de D\u00e9fense au Sahel ? \u00bb, pr\u00e9sent\u00e9 par le Colonel-Major Mahamadou NOUHOU BAKO, Directeur du Centre National des Etudes Strat\u00e9giques et de S\u00e9curit\u00e9 du Niger.<\/p>\n\n\n\n<p>Th\u00e8me 2 : \u00ab les Arm\u00e9es des Etats du Sahel face au terrorisme \u00bb, pr\u00e9sent\u00e9 par le Colonel Abdoul Kadri AMADOU DAOUDA, repr\u00e9sentant du Minist\u00e8re de la D\u00e9fense Nationale.<\/p>\n\n\n\n<p>Th\u00e8me 3 : \u00ab L\u2019avenir des accords de D\u00e9fense et de S\u00e9curit\u00e9 au Sahel \u00bb, pr\u00e9sent\u00e9 par Monsieur Sidibi Emmanuel DARANKOUM du Burkina Faso, Professeur titulaire de droit \u00e0 l\u2019universit\u00e9 de Montr\u00e9al au Canada.<\/p>\n\n\n\n<p>A l\u2019issue de deux jours d\u2019intenses travaux, le colloque s\u2019est termin\u00e9 sur une satisfaction g\u00e9n\u00e9rale, des pertinentes recommandations ont \u00e9t\u00e9 \u00e9labor\u00e9es. Une copie a \u00e9t\u00e9 remise au Ministre de l\u2019Enseignement Sup\u00e9rieur, de la Recherche et de l\u2019Innovation Technologique, qui a promis de transmettre ces recommandations \u00e0 qui de droit. Il a \u00e9galement expliqu\u00e9, qu\u2019il y\u2019a trois autres travaux scientifiques ant\u00e9rieurs, organis\u00e9s par l&rsquo; Universit\u00e9 Abdou Moumouni de Niamey, l&rsquo; Universit\u00e9 Dan Dicko Dankoulodo de Maradi et l&rsquo; Universit\u00e9 de Diffa, qui pourront \u00e9galement servir de base aux activit\u00e9s des assises nationales \u00e0 venir.<\/p>\n","protected":false},"excerpt":{"rendered":"<p>Du 11 au 12 d\u00e9cembre 2024 s\u2019est tenu dans le nouvel auditorium du campus 2 de l\u2019Universit\u00e9 Djibo Hamani de Tahoua, un Colloque Scientifique International, ayant port\u00e9 sur le th\u00e8me g\u00e9n\u00e9ral de : \u00ab Etat et Souverainet\u00e9 : Enjeux, D\u00e9fis et Perspectives pour les Pays de l\u2019Alliance des Etats du Sahel (AES) \u00bb. Quatre panels [&hellip;]<\/p>\n","protected":false},"author":1,"featured_media":1402,"comment_status":"open","ping_status":"open","sticky":false,"template":"","format":"standard","meta":{"footnotes":""},"categories":[1],"tags":[],"class_list":["post-1401","post","type-post","status-publish","format-standard","has-post-thumbnail","hentry","category-actualite"],"_links":{"self":[{"href":"https:\/\/cness.ne\/index.php?rest_route=\/wp\/v2\/posts\/1401","targetHints":{"allow":["GET"]}}],"collection":[{"href":"https:\/\/cness.ne\/index.php?rest_route=\/wp\/v2\/posts"}],"about":[{"href":"https:\/\/cness.ne\/index.php?rest_route=\/wp\/v2\/types\/post"}],"author":[{"embeddable":true,"href":"https:\/\/cness.ne\/index.php?rest_route=\/wp\/v2\/users\/1"}],"replies":[{"embeddable":true,"href":"https:\/\/cness.ne\/index.php?rest_route=%2Fwp%2Fv2%2Fcomments&post=1401"}],"version-history":[{"count":1,"href":"https:\/\/cness.ne\/index.php?rest_route=\/wp\/v2\/posts\/1401\/revisions"}],"predecessor-version":[{"id":1403,"href":"https:\/\/cness.ne\/index.php?rest_route=\/wp\/v2\/posts\/1401\/revisions\/1403"}],"wp:featuredmedia":[{"embeddable":true,"href":"https:\/\/cness.ne\/index.php?rest_route=\/wp\/v2\/media\/1402"}],"wp:attachment":[{"href":"https:\/\/cness.ne\/index.php?rest_route=%2Fwp%2Fv2%2Fmedia&parent=1401"}],"wp:term":[{"taxonomy":"category","embeddable":true,"href":"https:\/\/cness.ne\/index.php?rest_route=%2Fwp%2Fv2%2Fcategories&post=1401"},{"taxonomy":"post_tag","embeddable":true,"href":"https:\/\/cness.ne\/index.php?rest_route=%2Fwp%2Fv2%2Ftags&post=1401"}],"curies":[{"name":"wp","href":"https:\/\/api.w.org\/{rel}","templated":true}]}}