{"id":1404,"date":"2025-08-08T08:57:43","date_gmt":"2025-08-08T08:57:43","guid":{"rendered":"https:\/\/cness.ne\/?p=1404"},"modified":"2025-08-18T14:26:12","modified_gmt":"2025-08-18T14:26:12","slug":"lalliance-des-patriotes-des-etats-du-sahel-apes-organisation-de-la-societe-civile-a-ete-recue-en-audience-par-le-directeur-du-centre-national-detudes-strategiques-et-de-securite-cness","status":"publish","type":"post","link":"https:\/\/cness.ne\/?p=1404","title":{"rendered":"L&rsquo;Alliance des Patriotes des \u00c9tats du Sahel (APES), organisation de la soci\u00e9t\u00e9 civile, a \u00e9t\u00e9 re\u00e7ue en audience par le Directeur du Centre National d&rsquo;\u00c9tudes Strat\u00e9giques et de S\u00e9curit\u00e9 (CNESS)"},"content":{"rendered":"\n<p>Ce mercredi 27 Novembre 2024, l&rsquo;Alliance des Patriotes des \u00c9tats du Sahel (APES), organisation de la soci\u00e9t\u00e9 civile, a \u00e9t\u00e9 re\u00e7ue en audience par le Directeur du Centre National d&rsquo;\u00c9tudes Strat\u00e9giques et de S\u00e9curit\u00e9 (CNESS), le Colonel-major Mahamadou NOUHOU BAKO.<\/p>\n\n\n\n<p>Les \u00e9changes ont port\u00e9 sur l&rsquo;organisation d&rsquo;un forum sur \u2018\u2019la Paix et la S\u00e9curit\u00e9\u2019\u2019 pr\u00e9vu se tenir \u00e0 Tillab\u00e9ry.<\/p>\n\n\n\n<p>Pour le pr\u00e9sident de l&rsquo;APES section Niger, Omarou BEIDARI, ce forum offrira une plate-forme d&rsquo;\u00e9changes et de r\u00e9flexions entre divers acteurs socio-politiques et culturels sur les questions s\u00e9curitaires au sein de l&rsquo;espace AES.<\/p>\n\n\n\n<p>Le choix de la R\u00e9gion de Tillab\u00e9ry n&rsquo;est pas fortuit dans la mesure o\u00f9 elle constitue une des zones les plus affect\u00e9es par l&rsquo;ins\u00e9curit\u00e9 au Niger et partage des fronti\u00e8res avec les autres pays de l&rsquo;AES.<\/p>\n\n\n\n<p>Le Directeur du CNESS a saisi cette occasion pour prodiguer des conseils utiles en vue de la r\u00e9ussite de ce Forum auquel le Centre est invit\u00e9 \u00e0 participer.<\/p>\n\n\n\n<p>La rencontre s&rsquo;est achev\u00e9e par une photo de famille.<\/p>\n","protected":false},"excerpt":{"rendered":"<p>Ce mercredi 27 Novembre 2024, l&rsquo;Alliance des Patriotes des \u00c9tats du Sahel (APES), organisation de la soci\u00e9t\u00e9 civile, a \u00e9t\u00e9 re\u00e7ue en audience par le Directeur du Centre National d&rsquo;\u00c9tudes Strat\u00e9giques et de S\u00e9curit\u00e9 (CNESS), le Colonel-major Mahamadou NOUHOU BAKO. Les \u00e9changes ont port\u00e9 sur l&rsquo;organisation d&rsquo;un forum sur \u2018\u2019la Paix et la S\u00e9curit\u00e9\u2019\u2019 pr\u00e9vu [&hellip;]<\/p>\n","protected":false},"author":1,"featured_media":1406,"comment_status":"open","ping_status":"open","sticky":false,"template":"","format":"standard","meta":{"footnotes":""},"categories":[1],"tags":[],"class_list":["post-1404","post","type-post","status-publish","format-standard","has-post-thumbnail","hentry","category-actualite"],"_links":{"self":[{"href":"https:\/\/cness.ne\/index.php?rest_route=\/wp\/v2\/posts\/1404","targetHints":{"allow":["GET"]}}],"collection":[{"href":"https:\/\/cness.ne\/index.php?rest_route=\/wp\/v2\/posts"}],"about":[{"href":"https:\/\/cness.ne\/index.php?rest_route=\/wp\/v2\/types\/post"}],"author":[{"embeddable":true,"href":"https:\/\/cness.ne\/index.php?rest_route=\/wp\/v2\/users\/1"}],"replies":[{"embeddable":true,"href":"https:\/\/cness.ne\/index.php?rest_route=%2Fwp%2Fv2%2Fcomments&post=1404"}],"version-history":[{"count":1,"href":"https:\/\/cness.ne\/index.php?rest_route=\/wp\/v2\/posts\/1404\/revisions"}],"predecessor-version":[{"id":1407,"href":"https:\/\/cness.ne\/index.php?rest_route=\/wp\/v2\/posts\/1404\/revisions\/1407"}],"wp:featuredmedia":[{"embeddable":true,"href":"https:\/\/cness.ne\/index.php?rest_route=\/wp\/v2\/media\/1406"}],"wp:attachment":[{"href":"https:\/\/cness.ne\/index.php?rest_route=%2Fwp%2Fv2%2Fmedia&parent=1404"}],"wp:term":[{"taxonomy":"category","embeddable":true,"href":"https:\/\/cness.ne\/index.php?rest_route=%2Fwp%2Fv2%2Fcategories&post=1404"},{"taxonomy":"post_tag","embeddable":true,"href":"https:\/\/cness.ne\/index.php?rest_route=%2Fwp%2Fv2%2Ftags&post=1404"}],"curies":[{"name":"wp","href":"https:\/\/api.w.org\/{rel}","templated":true}]}}