{"id":1732,"date":"2025-08-18T09:25:57","date_gmt":"2025-08-18T09:25:57","guid":{"rendered":"https:\/\/cness.ne\/?p=1732"},"modified":"2025-08-19T09:58:27","modified_gmt":"2025-08-19T09:58:27","slug":"cadre-de-concertation-des-centres-detudes-strategiques-de-laes","status":"publish","type":"post","link":"https:\/\/cness.ne\/?p=1732","title":{"rendered":"Cadre de Concertation des Centres d\u2019\u00c9tudes Strat\u00e9giques de l\u2019AES."},"content":{"rendered":"\n<p>Ce vendredi 22 novembre 2024, s\u2019est tenu une r\u00e9union virtuelle du cadre de Concertation entre les Centres d\u2019\u00c9tudes Strat\u00e9giques (CES) du Liptako-Gourma, donnant suite aux recommandations issues de la rencontre des trois Directeurs \u00e0 l\u2019occasion du lancement solennel de la rentr\u00e9e acad\u00e9mique 2024-2025 de l\u2019\u00c9cole de Guerre du Mali, le 11 Octobre 2024.<\/p>\n\n\n\n<p>Les responsables de ces outils d\u2019aide \u00e0 la d\u00e9cision ont profit\u00e9 pour faire un diagnostic en ressortant le caract\u00e8re latent dans lequel se retrouve ce cadre de concertation depuis plusieurs ann\u00e9es pour ainsi jeter les bases d\u2019une reprise effective de ses activit\u00e9s afin d\u2019apporter leur contribution pour servir de pont entre la production du savoir et la prise de d\u00e9cision en mati\u00e8re de D\u00e9fense et de S\u00e9curit\u00e9 au sein de l\u2019espace AES.<\/p>\n\n\n\n<p>\u00c9taient pr\u00e9sents \u00e0 cette r\u00e9union, les cadres du Centre National d\u2019\u00c9tudes Strat\u00e9giques (CNES) du Burkina Faso sous la direction du G\u00e9n\u00e9ral de Brigade Aim\u00e9 SIMPORE, ceux du Centre d\u2019\u00c9tudes Strat\u00e9gique (CES) du Mali sous la direction du G\u00e9n\u00e9ral de Brigade Satigui Moro SIDIBE, et enfin, ceux du Centre National d\u2019\u00c9tudes Strat\u00e9giques et de S\u00e9curit\u00e9 (CNESS) du Niger sous la direction du Colonel-major Mahamadou NOUHOU BAKO.<\/p>\n\n\n\n<p>Apr\u00e8s le bilan dress\u00e9 par le G\u00e9n\u00e9ral de Brigade Satigui Moro Sidib\u00e9, pr\u00e9sident sortant qui n\u2019a pas manqu\u00e9 de rappeler les difficult\u00e9s qui avaient parsem\u00e9 ce mandat, le relai a \u00e9t\u00e9 pass\u00e9 au G\u00e9n\u00e9ral de Brigade Aim\u00e9 SIMPORE. Ce dernier a ainsi propos\u00e9 un plan d\u2019action 2025 en insistant notamment sur l\u2019importance de la communication institutionnelle au sein de nos pays, sur les activit\u00e9s de nos centres respectifs notamment sur les diff\u00e9rentes \u00e9tudes \u00e0 r\u00e9aliser dans le Cadre de Concertation et sur le financement des activit\u00e9s au niveau locale ainsi qu\u2019au niveau de l\u2019espace AES.<\/p>\n\n\n\n<p>La r\u00e9union a mis en \u00e9vidence la n\u00e9cessit\u00e9 de repenser un m\u00e9canisme de suivi-\u00e9valuation et de mise en place d\u2019un comit\u00e9 \u00e9largi en sus des points focaux d\u00e9j\u00e0 existants pour le renforcement de la coop\u00e9ration inter centres et surtout de renforcer leur ancrage institutionnel afin qu\u2019ils puissent v\u00e9ritablement jouer leur partition en s\u2019inscrivant dans la vision strat\u00e9gique des autorit\u00e9s des trois \u00c9tats de l\u2019AES. Cette rencontre virtuelle s\u2019est termin\u00e9e sur une satisfaction g\u00e9n\u00e9rale.<\/p>\n","protected":false},"excerpt":{"rendered":"<p>Ce vendredi 22 novembre 2024, s\u2019est tenu une r\u00e9union virtuelle du cadre de Concertation entre les Centres d\u2019\u00c9tudes Strat\u00e9giques (CES) du Liptako-Gourma, donnant suite aux recommandations issues de la rencontre des trois Directeurs \u00e0 l\u2019occasion du lancement solennel de la rentr\u00e9e acad\u00e9mique 2024-2025 de l\u2019\u00c9cole de Guerre du Mali, le 11 Octobre 2024. Les responsables [&hellip;]<\/p>\n","protected":false},"author":1,"featured_media":1733,"comment_status":"open","ping_status":"open","sticky":false,"template":"","format":"standard","meta":{"footnotes":""},"categories":[1],"tags":[],"class_list":["post-1732","post","type-post","status-publish","format-standard","has-post-thumbnail","hentry","category-actualite"],"_links":{"self":[{"href":"https:\/\/cness.ne\/index.php?rest_route=\/wp\/v2\/posts\/1732","targetHints":{"allow":["GET"]}}],"collection":[{"href":"https:\/\/cness.ne\/index.php?rest_route=\/wp\/v2\/posts"}],"about":[{"href":"https:\/\/cness.ne\/index.php?rest_route=\/wp\/v2\/types\/post"}],"author":[{"embeddable":true,"href":"https:\/\/cness.ne\/index.php?rest_route=\/wp\/v2\/users\/1"}],"replies":[{"embeddable":true,"href":"https:\/\/cness.ne\/index.php?rest_route=%2Fwp%2Fv2%2Fcomments&post=1732"}],"version-history":[{"count":1,"href":"https:\/\/cness.ne\/index.php?rest_route=\/wp\/v2\/posts\/1732\/revisions"}],"predecessor-version":[{"id":1734,"href":"https:\/\/cness.ne\/index.php?rest_route=\/wp\/v2\/posts\/1732\/revisions\/1734"}],"wp:featuredmedia":[{"embeddable":true,"href":"https:\/\/cness.ne\/index.php?rest_route=\/wp\/v2\/media\/1733"}],"wp:attachment":[{"href":"https:\/\/cness.ne\/index.php?rest_route=%2Fwp%2Fv2%2Fmedia&parent=1732"}],"wp:term":[{"taxonomy":"category","embeddable":true,"href":"https:\/\/cness.ne\/index.php?rest_route=%2Fwp%2Fv2%2Fcategories&post=1732"},{"taxonomy":"post_tag","embeddable":true,"href":"https:\/\/cness.ne\/index.php?rest_route=%2Fwp%2Fv2%2Ftags&post=1732"}],"curies":[{"name":"wp","href":"https:\/\/api.w.org\/{rel}","templated":true}]}}