{"id":1738,"date":"2025-08-19T09:30:23","date_gmt":"2025-08-19T09:30:23","guid":{"rendered":"https:\/\/cness.ne\/?p=1738"},"modified":"2025-08-19T09:30:23","modified_gmt":"2025-08-19T09:30:23","slug":"voyage-detudes-la-37e-promotion-de-lecole-detat-major-et-de-commandement-eemc-de-koulikoro","status":"publish","type":"post","link":"https:\/\/cness.ne\/?p=1738","title":{"rendered":"VOYAGE D\u2019ETUDES, la 37e promotion de l\u2019\u00c9cole d\u2019\u00c9tat-major et de Commandement (EEMC) de Koulikoro"},"content":{"rendered":"\n<p>Dans le cadre de la mise en \u0153uvre de son programme de formation, la 37<sup>e<\/sup> promotion de l\u2019\u00c9cole d\u2019\u00c9tat-major et de Commandement (EEMC) de Koulikoro a effectu\u00e9, du 09 au 14 avril 2025, un voyage d\u2019\u00e9tudes au Niger. Le th\u00e8me de cette mission portait sur : <strong>\u00ab\u202fLa dynamique de mutualisation des moyens de d\u00e9fense pour une s\u00e9curit\u00e9 collective au sein de l\u2019AES\u202f\u00bb<\/strong>.<\/p>\n\n\n\n<p>Pour rappel, l\u2019EEMC est une \u00e9cole d\u2019enseignement militaire sup\u00e9rieur qui forme des officiers aux techniques d\u2019\u00e9tat-major, leur permettant d\u2019intervenir tant au niveau national qu\u2019international, dans les domaines du maintien de l\u2019ordre, de la s\u00e9curit\u00e9 et de la guerre.<\/p>\n\n\n\n<p>Le Centre National d\u2019\u00c9tudes Strat\u00e9giques et de S\u00e9curit\u00e9 (CNESS) a eu l\u2019honneur d\u2019\u00eatre choisi parmi les structures nationales pour accueillir, le <strong>vendredi 11 avril 2025<\/strong>, cette 37<sup>e<\/sup> promotion, compos\u00e9e de <strong>32 auditeurs provenant de 10 pays africains<\/strong>.<\/p>\n\n\n\n<p>La d\u00e9l\u00e9gation \u00e9tait conduite par le <strong>G\u00e9n\u00e9ral de Brigade Moussa Yoro KANT\u00c9<\/strong>, Directeur des \u00c9coles Militaires du Mali, et le <strong>Colonel Isma\u00ebl DIAKIT\u00c9<\/strong>, Commandant de l\u2019EEMC. Elle \u00e9tait accompagn\u00e9e par le <strong>Colonel Amadou KADRI<\/strong>, Commandant adjoint du Commandement des Organismes de Formation des Forces Arm\u00e9es Nig\u00e9riennes (COFFAN).<\/p>\n\n\n\n<p>Apr\u00e8s les mots de bienvenue prononc\u00e9s par le <strong>Colonel-major Mahamadou NOUHOU BAKO<\/strong>, la s\u00e9ance de travail a port\u00e9 principalement sur une pr\u00e9sentation du CNESS par le <strong>Colonel-major Bachir MOUSSA SEYDOU<\/strong>, suivie de contributions crois\u00e9es entre les deux d\u00e9l\u00e9gations autour des probl\u00e9matiques diverses li\u00e9es \u00e0 la <strong>D\u00e9fense <\/strong>, \u00e0 la <strong>Diplomatie<\/strong> et au <strong>D\u00e9veloppement<\/strong>.<\/p>\n\n\n\n<p>La visite s\u2019est achev\u00e9e dans une bonne ambiance de travail et de convivialit\u00e9, marqu\u00e9e par une <strong>photo de famille<\/strong>.<\/p>\n","protected":false},"excerpt":{"rendered":"<p>Dans le cadre de la mise en \u0153uvre de son programme de formation, la 37e promotion de l\u2019\u00c9cole d\u2019\u00c9tat-major et de Commandement (EEMC) de Koulikoro a effectu\u00e9, du 09 au 14 avril 2025, un voyage d\u2019\u00e9tudes au Niger. Le th\u00e8me de cette mission portait sur : \u00ab\u202fLa dynamique de mutualisation des moyens de d\u00e9fense pour [&hellip;]<\/p>\n","protected":false},"author":1,"featured_media":1739,"comment_status":"open","ping_status":"open","sticky":false,"template":"","format":"standard","meta":{"footnotes":""},"categories":[1],"tags":[],"class_list":["post-1738","post","type-post","status-publish","format-standard","has-post-thumbnail","hentry","category-actualite"],"_links":{"self":[{"href":"https:\/\/cness.ne\/index.php?rest_route=\/wp\/v2\/posts\/1738","targetHints":{"allow":["GET"]}}],"collection":[{"href":"https:\/\/cness.ne\/index.php?rest_route=\/wp\/v2\/posts"}],"about":[{"href":"https:\/\/cness.ne\/index.php?rest_route=\/wp\/v2\/types\/post"}],"author":[{"embeddable":true,"href":"https:\/\/cness.ne\/index.php?rest_route=\/wp\/v2\/users\/1"}],"replies":[{"embeddable":true,"href":"https:\/\/cness.ne\/index.php?rest_route=%2Fwp%2Fv2%2Fcomments&post=1738"}],"version-history":[{"count":1,"href":"https:\/\/cness.ne\/index.php?rest_route=\/wp\/v2\/posts\/1738\/revisions"}],"predecessor-version":[{"id":1740,"href":"https:\/\/cness.ne\/index.php?rest_route=\/wp\/v2\/posts\/1738\/revisions\/1740"}],"wp:featuredmedia":[{"embeddable":true,"href":"https:\/\/cness.ne\/index.php?rest_route=\/wp\/v2\/media\/1739"}],"wp:attachment":[{"href":"https:\/\/cness.ne\/index.php?rest_route=%2Fwp%2Fv2%2Fmedia&parent=1738"}],"wp:term":[{"taxonomy":"category","embeddable":true,"href":"https:\/\/cness.ne\/index.php?rest_route=%2Fwp%2Fv2%2Fcategories&post=1738"},{"taxonomy":"post_tag","embeddable":true,"href":"https:\/\/cness.ne\/index.php?rest_route=%2Fwp%2Fv2%2Ftags&post=1738"}],"curies":[{"name":"wp","href":"https:\/\/api.w.org\/{rel}","templated":true}]}}