{"id":1777,"date":"2025-10-10T09:03:20","date_gmt":"2025-10-10T09:03:20","guid":{"rendered":"https:\/\/cness.ne\/?p=1777"},"modified":"2025-10-10T09:04:08","modified_gmt":"2025-10-10T09:04:08","slug":"forum-semaine-citoyenne","status":"publish","type":"post","link":"https:\/\/cness.ne\/?p=1777","title":{"rendered":"FORUM \u00ab SEMAINE CITOYENNE \u00bb"},"content":{"rendered":"\t\t<div data-elementor-type=\"wp-post\" data-elementor-id=\"1777\" class=\"elementor elementor-1777\">\n\t\t\t\t\t\t\t\t\t<section class=\"elementor-section elementor-top-section elementor-element elementor-element-50e8a702 elementor-section-boxed elementor-section-height-default elementor-section-height-default\" data-id=\"50e8a702\" data-element_type=\"section\">\n\t\t\t\t\t\t<div class=\"elementor-container elementor-column-gap-default\">\n\t\t\t\t\t<div class=\"elementor-column elementor-col-100 elementor-top-column elementor-element elementor-element-7c44d1a1\" data-id=\"7c44d1a1\" data-element_type=\"column\">\n\t\t\t<div class=\"elementor-widget-wrap elementor-element-populated\">\n\t\t\t\t\t\t\t\t<div class=\"elementor-element elementor-element-2877d5a1 elementor-widget elementor-widget-text-editor\" data-id=\"2877d5a1\" data-element_type=\"widget\" data-widget_type=\"text-editor.default\">\n\t\t\t\t<div class=\"elementor-widget-container\">\n\t\t\t<style>\/*! elementor - v3.15.0 - 20-08-2023 *\/\n.elementor-widget-text-editor.elementor-drop-cap-view-stacked .elementor-drop-cap{background-color:#69727d;color:#fff}.elementor-widget-text-editor.elementor-drop-cap-view-framed .elementor-drop-cap{color:#69727d;border:3px solid;background-color:transparent}.elementor-widget-text-editor:not(.elementor-drop-cap-view-default) .elementor-drop-cap{margin-top:8px}.elementor-widget-text-editor:not(.elementor-drop-cap-view-default) .elementor-drop-cap-letter{width:1em;height:1em}.elementor-widget-text-editor .elementor-drop-cap{float:left;text-align:center;line-height:1;font-size:50px}.elementor-widget-text-editor .elementor-drop-cap-letter{display:inline-block}<\/style>\t\t\t\t<!-- wp:paragraph -->\n<p>Le Centre National d\u2019Etudes Strat\u00e9giques et de S\u00e9curit\u00e9 (CNESS) a particip\u00e9 ce mercredi 08 octobre 2025, au Palais de Congr\u00e8s de Niamey, au lancement des activit\u00e9s de la 2e \u00e9dition de la \u00ab Semaine Citoyenne \u00bb, organis\u00e9e par l\u2019Association des Jeunes Leaders pour la Transformation Positive des Conflits au Niger (AJLTPC), sous le haut parrainage de M. Sidi Mohamed, Ministre de la Jeunesse et des Sports.<\/p>\n<!-- \/wp:paragraph --><!-- wp:paragraph -->\n<p>Le th\u00e8me intitul\u00e9 : \u00ab Engagement et responsabilit\u00e9 de la jeunesse face aux d\u00e9fis s\u00e9curitaires, environnementaux, num\u00e9riques et d\u2019employabilit\u00e9 pour l\u2019atteinte du d\u00e9veloppement durable au Sahel \u00bb, a enregistr\u00e9 la participation du Ministre de la communication, de la Coordinatrice r\u00e9sidente du Syst\u00e8me des Nations-Unies au Niger, de plusieurs responsables et jeunes venus de toutes les contr\u00e9es du Niger et de plusieurs pays Africains.<\/p>\n<!-- \/wp:paragraph --><!-- wp:paragraph -->\n<p>Le CNESS, partenaire de l\u2019AJLTPC, a anim\u00e9 deux th\u00e9matiques :<\/p>\n<!-- \/wp:paragraph --><!-- wp:paragraph -->\n<p>\u2022 \u00ab R\u00f4le de la jeunesse dans la pr\u00e9vention de l\u2019extr\u00e9misme violent au Sahel \u00bb par le Pr Hassane Moulaye ;<\/p>\n<!-- \/wp:paragraph --><!-- wp:paragraph -->\n<p>\u2022 \u00ab Engagement des jeunes pour la coh\u00e9sion sociale \u00bb par le Dr Boub\u00e9 Salifou.<\/p>\n<!-- \/wp:paragraph --><!-- wp:paragraph -->\n<p>Ce forum, soutenu par les hautes autorit\u00e9s permettra aux jeunes ambassadeurs du Sahel r\u00e9silient, de s\u2019exprimer, se former, collaborer et prendre des engagements concrets.<\/p>\n<!-- \/wp:paragraph --><!-- wp:paragraph -->\n<p>\u00ab La jeunesse du Sahel et de l\u2019Afrique est debout \u00bb dira Attaher A. MOUSSA, PCA de l\u2019AJLTPC Niger.<\/p>\n<!-- \/wp:paragraph -->\t\t\t\t\t\t<\/div>\n\t\t\t\t<\/div>\n\t\t\t\t\t<\/div>\n\t\t<\/div>\n\t\t\t\t\t\t\t<\/div>\n\t\t<\/section>\n\t\t\t\t\t\t\t<\/div>\n\t\t","protected":false},"excerpt":{"rendered":"<p>Le Centre National d\u2019Etudes Strat\u00e9giques et de S\u00e9curit\u00e9 (CNESS) a particip\u00e9 ce mercredi 08 octobre 2025, au Palais de Congr\u00e8s de Niamey, au lancement des activit\u00e9s de la 2e \u00e9dition de la \u00ab Semaine Citoyenne \u00bb, organis\u00e9e par l\u2019Association des Jeunes Leaders pour la Transformation Positive des Conflits au Niger (AJLTPC), sous le haut parrainage [&hellip;]<\/p>\n","protected":false},"author":1,"featured_media":1782,"comment_status":"open","ping_status":"open","sticky":false,"template":"","format":"standard","meta":{"footnotes":""},"categories":[1],"tags":[],"class_list":["post-1777","post","type-post","status-publish","format-standard","has-post-thumbnail","hentry","category-actualite"],"_links":{"self":[{"href":"https:\/\/cness.ne\/index.php?rest_route=\/wp\/v2\/posts\/1777","targetHints":{"allow":["GET"]}}],"collection":[{"href":"https:\/\/cness.ne\/index.php?rest_route=\/wp\/v2\/posts"}],"about":[{"href":"https:\/\/cness.ne\/index.php?rest_route=\/wp\/v2\/types\/post"}],"author":[{"embeddable":true,"href":"https:\/\/cness.ne\/index.php?rest_route=\/wp\/v2\/users\/1"}],"replies":[{"embeddable":true,"href":"https:\/\/cness.ne\/index.php?rest_route=%2Fwp%2Fv2%2Fcomments&post=1777"}],"version-history":[{"count":4,"href":"https:\/\/cness.ne\/index.php?rest_route=\/wp\/v2\/posts\/1777\/revisions"}],"predecessor-version":[{"id":1781,"href":"https:\/\/cness.ne\/index.php?rest_route=\/wp\/v2\/posts\/1777\/revisions\/1781"}],"wp:featuredmedia":[{"embeddable":true,"href":"https:\/\/cness.ne\/index.php?rest_route=\/wp\/v2\/media\/1782"}],"wp:attachment":[{"href":"https:\/\/cness.ne\/index.php?rest_route=%2Fwp%2Fv2%2Fmedia&parent=1777"}],"wp:term":[{"taxonomy":"category","embeddable":true,"href":"https:\/\/cness.ne\/index.php?rest_route=%2Fwp%2Fv2%2Fcategories&post=1777"},{"taxonomy":"post_tag","embeddable":true,"href":"https:\/\/cness.ne\/index.php?rest_route=%2Fwp%2Fv2%2Ftags&post=1777"}],"curies":[{"name":"wp","href":"https:\/\/api.w.org\/{rel}","templated":true}]}}