{"id":1963,"date":"2026-03-23T16:21:50","date_gmt":"2026-03-23T16:21:50","guid":{"rendered":"https:\/\/cness.ne\/?p=1963"},"modified":"2026-03-23T16:35:54","modified_gmt":"2026-03-23T16:35:54","slug":"comite-dorganisation-colloque-international-flsh","status":"publish","type":"post","link":"https:\/\/cness.ne\/?p=1963","title":{"rendered":"COMITE D\u2019ORGANISATION COLLOQUE INTERNATIONAL FLSH."},"content":{"rendered":"\t\t<div data-elementor-type=\"wp-post\" data-elementor-id=\"1963\" class=\"elementor elementor-1963\">\n\t\t\t\t\t\t\t\t\t<section class=\"elementor-section elementor-top-section elementor-element elementor-element-33342223 elementor-section-boxed elementor-section-height-default elementor-section-height-default\" data-id=\"33342223\" data-element_type=\"section\">\n\t\t\t\t\t\t<div class=\"elementor-container elementor-column-gap-default\">\n\t\t\t\t\t<div class=\"elementor-column elementor-col-100 elementor-top-column elementor-element elementor-element-68721ea5\" data-id=\"68721ea5\" data-element_type=\"column\">\n\t\t\t<div class=\"elementor-widget-wrap elementor-element-populated\">\n\t\t\t\t\t\t\t\t<div class=\"elementor-element elementor-element-34bbb0a8 elementor-widget elementor-widget-text-editor\" data-id=\"34bbb0a8\" data-element_type=\"widget\" data-widget_type=\"text-editor.default\">\n\t\t\t\t<div class=\"elementor-widget-container\">\n\t\t\t<style>\/*! elementor - v3.15.0 - 20-08-2023 *\/\n.elementor-widget-text-editor.elementor-drop-cap-view-stacked .elementor-drop-cap{background-color:#69727d;color:#fff}.elementor-widget-text-editor.elementor-drop-cap-view-framed .elementor-drop-cap{color:#69727d;border:3px solid;background-color:transparent}.elementor-widget-text-editor:not(.elementor-drop-cap-view-default) .elementor-drop-cap{margin-top:8px}.elementor-widget-text-editor:not(.elementor-drop-cap-view-default) .elementor-drop-cap-letter{width:1em;height:1em}.elementor-widget-text-editor .elementor-drop-cap{float:left;text-align:center;line-height:1;font-size:50px}.elementor-widget-text-editor .elementor-drop-cap-letter{display:inline-block}<\/style>\t\t\t\t<!-- wp:paragraph -->\n<p>Du 24 au 26 mars 2026, la Facult\u00e9 des Lettres et Sciences Humaines (FLSH) de l\u2019Universit\u00e9 Abdou Moumouni (UAM) de Niamey organise un colloque international sur le th\u00e8me : \u00ab Regards crois\u00e9s sur la mendicit\u00e9 au Sahel \u00bb. C\u2019est dans ce cadre que le Directeur du Centre d\u2019Etudes Strat\u00e9giques et de S\u00e9curit\u00e9 (CNESS), le Colonel Major Mahamadou NOUHOU BAKO a accord\u00e9 une audience ce vendredi 27 f\u00e9vrier 2026 au comit\u00e9 d\u2019organisation dudit colloque conduit par Le Doyen de la FLSH, le Pr. Lawali DAMBO.<\/p>\n<!-- \/wp:paragraph --><!-- wp:paragraph -->\n<p>Le Directeur du Centre apr\u00e8s avoir rappel\u00e9 la principale mission du CNESS qui est de mener en relation avec les services et institutions concern\u00e9s, des r\u00e9flexions et de faire des analyses strat\u00e9giques et \u00e9tudes prospectives permanentes sur les enjeux strat\u00e9giques et s\u00e9curitaires de la vie nationale et internationale, s\u2019est r\u00e9joui de la pr\u00e9sence des universitaires qui sont des partenaires associ\u00e9s aux travaux du CNESS. Le Doyen de la FLSH a d\u00e9clin\u00e9 les grandes lignes du colloque qui s\u2019articule d\u2019abord autour de l\u2019organisation du colloque, ensuite de l\u2019organisation d\u2019un atelier \u00e0 Maradi pour r\u00e9fl\u00e9chir sur la diss\u00e9mination des r\u00e9sultats du colloque et enfin, de la mise en place de programmes de recherche multi-acteurs sur la probl\u00e9matique de la mendicit\u00e9 au Niger.<\/p>\n<!-- \/wp:paragraph --><!-- wp:paragraph -->\n<p>Cette rencontre a \u00e9t\u00e9 l\u2019occasion de dresser un constat sur le ph\u00e9nom\u00e8ne de la mendicit\u00e9. Une mendicit\u00e9 qui semble \u00eatre une des cons\u00e9quences des mouvements migratoires de plus en plus importants vers les grands centres urbains. Il ressort que cela constitue une pr\u00e9occupation majeure qui perturbe la qui\u00e9tude des populations.<\/p>\n<!-- \/wp:paragraph --><!-- wp:paragraph -->\n<p>Cette rencontre s\u2019est achev\u00e9e sur une note de satisfaction. Les universitaires ont soulign\u00e9 la n\u00e9cessit\u00e9 pour le CNESS d\u2019\u00eatre au rendez-vous de cette grande rencontre scientifique qui se pr\u00e9pare \u00e0 l\u2019UAM et la n\u00e9cessit\u00e9 d\u2019une synergie commune entre les deux structures.<\/p>\n<!-- \/wp:paragraph --><!-- wp:image {\"id\":1965,\"width\":\"413px\",\"height\":\"auto\",\"aspectRatio\":\"1.1689751897192806\",\"sizeSlug\":\"large\",\"linkDestination\":\"none\"} -->\n<figure class=\"wp-block-image size-large is-resized\"><\/figure>\n<!-- \/wp:image --><!-- wp:image {\"id\":1964,\"width\":\"413px\",\"height\":\"auto\",\"aspectRatio\":\"1.7871746285030419\",\"sizeSlug\":\"large\",\"linkDestination\":\"none\"} -->\n<figure class=\"wp-block-image size-large is-resized\"><\/figure>\n<!-- \/wp:image --><!-- wp:image {\"id\":1966,\"sizeSlug\":\"large\",\"linkDestination\":\"none\"} -->\n<figure class=\"wp-block-image size-large\"><\/figure>\n<!-- \/wp:image -->\t\t\t\t\t\t<\/div>\n\t\t\t\t<\/div>\n\t\t\t\t\t<\/div>\n\t\t<\/div>\n\t\t\t\t\t\t\t<\/div>\n\t\t<\/section>\n\t\t\t\t<section class=\"elementor-section elementor-top-section elementor-element elementor-element-7869908 elementor-section-boxed elementor-section-height-default elementor-section-height-default\" data-id=\"7869908\" data-element_type=\"section\">\n\t\t\t\t\t\t<div class=\"elementor-container elementor-column-gap-default\">\n\t\t\t\t\t<div class=\"elementor-column elementor-col-50 elementor-top-column elementor-element elementor-element-6e4b2b0\" data-id=\"6e4b2b0\" data-element_type=\"column\">\n\t\t\t<div class=\"elementor-widget-wrap elementor-element-populated\">\n\t\t\t\t\t\t\t\t<div class=\"elementor-element elementor-element-0c0d14b elementor-widget elementor-widget-image\" data-id=\"0c0d14b\" data-element_type=\"widget\" data-widget_type=\"image.default\">\n\t\t\t\t<div class=\"elementor-widget-container\">\n\t\t\t<style>\/*! elementor - v3.15.0 - 20-08-2023 *\/\n.elementor-widget-image{text-align:center}.elementor-widget-image a{display:inline-block}.elementor-widget-image a img[src$=\".svg\"]{width:48px}.elementor-widget-image img{vertical-align:middle;display:inline-block}<\/style>\t\t\t\t\t\t\t\t\t\t\t\t<img loading=\"lazy\" decoding=\"async\" width=\"800\" height=\"684\" src=\"https:\/\/cness.ne\/wp-content\/uploads\/2026\/03\/3-1-1024x876.jpg\" class=\"attachment-large size-large wp-image-1965\" alt=\"\" srcset=\"https:\/\/cness.ne\/wp-content\/uploads\/2026\/03\/3-1-1024x876.jpg 1024w, https:\/\/cness.ne\/wp-content\/uploads\/2026\/03\/3-1-300x256.jpg 300w, https:\/\/cness.ne\/wp-content\/uploads\/2026\/03\/3-1-768x657.jpg 768w, https:\/\/cness.ne\/wp-content\/uploads\/2026\/03\/3-1-1536x1313.jpg 1536w, https:\/\/cness.ne\/wp-content\/uploads\/2026\/03\/3-1.jpg 2048w\" sizes=\"auto, (max-width: 800px) 100vw, 800px\" \/>\t\t\t\t\t\t\t\t\t\t\t\t\t\t\t<\/div>\n\t\t\t\t<\/div>\n\t\t\t\t\t<\/div>\n\t\t<\/div>\n\t\t\t\t<div class=\"elementor-column elementor-col-50 elementor-top-column elementor-element elementor-element-f80f81d\" data-id=\"f80f81d\" data-element_type=\"column\">\n\t\t\t<div class=\"elementor-widget-wrap elementor-element-populated\">\n\t\t\t\t\t\t\t\t<div class=\"elementor-element elementor-element-099158b elementor-widget elementor-widget-image\" data-id=\"099158b\" data-element_type=\"widget\" data-widget_type=\"image.default\">\n\t\t\t\t<div class=\"elementor-widget-container\">\n\t\t\t\t\t\t\t\t\t\t\t\t\t\t\t<img loading=\"lazy\" decoding=\"async\" width=\"800\" height=\"448\" src=\"https:\/\/cness.ne\/wp-content\/uploads\/2026\/03\/2-1-1024x573.jpg\" class=\"attachment-large size-large wp-image-1964\" alt=\"\" srcset=\"https:\/\/cness.ne\/wp-content\/uploads\/2026\/03\/2-1-1024x573.jpg 1024w, https:\/\/cness.ne\/wp-content\/uploads\/2026\/03\/2-1-300x168.jpg 300w, https:\/\/cness.ne\/wp-content\/uploads\/2026\/03\/2-1-768x429.jpg 768w, https:\/\/cness.ne\/wp-content\/uploads\/2026\/03\/2-1-1536x859.jpg 1536w, https:\/\/cness.ne\/wp-content\/uploads\/2026\/03\/2-1.jpg 2048w\" sizes=\"auto, (max-width: 800px) 100vw, 800px\" \/>\t\t\t\t\t\t\t\t\t\t\t\t\t\t\t<\/div>\n\t\t\t\t<\/div>\n\t\t\t\t\t<\/div>\n\t\t<\/div>\n\t\t\t\t\t\t\t<\/div>\n\t\t<\/section>\n\t\t\t\t\t\t\t<\/div>\n\t\t","protected":false},"excerpt":{"rendered":"<p>Du 24 au 26 mars 2026, la Facult\u00e9 des Lettres et Sciences Humaines (FLSH) de l\u2019Universit\u00e9 Abdou Moumouni (UAM) de Niamey organise un colloque international sur le th\u00e8me : \u00ab Regards crois\u00e9s sur la mendicit\u00e9 au Sahel \u00bb. C\u2019est dans ce cadre que le Directeur du Centre d\u2019Etudes Strat\u00e9giques et de S\u00e9curit\u00e9 (CNESS), le Colonel [&hellip;]<\/p>\n","protected":false},"author":1,"featured_media":1960,"comment_status":"open","ping_status":"open","sticky":false,"template":"","format":"standard","meta":{"footnotes":""},"categories":[1],"tags":[],"class_list":["post-1963","post","type-post","status-publish","format-standard","has-post-thumbnail","hentry","category-actualite"],"_links":{"self":[{"href":"https:\/\/cness.ne\/index.php?rest_route=\/wp\/v2\/posts\/1963","targetHints":{"allow":["GET"]}}],"collection":[{"href":"https:\/\/cness.ne\/index.php?rest_route=\/wp\/v2\/posts"}],"about":[{"href":"https:\/\/cness.ne\/index.php?rest_route=\/wp\/v2\/types\/post"}],"author":[{"embeddable":true,"href":"https:\/\/cness.ne\/index.php?rest_route=\/wp\/v2\/users\/1"}],"replies":[{"embeddable":true,"href":"https:\/\/cness.ne\/index.php?rest_route=%2Fwp%2Fv2%2Fcomments&post=1963"}],"version-history":[{"count":4,"href":"https:\/\/cness.ne\/index.php?rest_route=\/wp\/v2\/posts\/1963\/revisions"}],"predecessor-version":[{"id":1971,"href":"https:\/\/cness.ne\/index.php?rest_route=\/wp\/v2\/posts\/1963\/revisions\/1971"}],"wp:featuredmedia":[{"embeddable":true,"href":"https:\/\/cness.ne\/index.php?rest_route=\/wp\/v2\/media\/1960"}],"wp:attachment":[{"href":"https:\/\/cness.ne\/index.php?rest_route=%2Fwp%2Fv2%2Fmedia&parent=1963"}],"wp:term":[{"taxonomy":"category","embeddable":true,"href":"https:\/\/cness.ne\/index.php?rest_route=%2Fwp%2Fv2%2Fcategories&post=1963"},{"taxonomy":"post_tag","embeddable":true,"href":"https:\/\/cness.ne\/index.php?rest_route=%2Fwp%2Fv2%2Ftags&post=1963"}],"curies":[{"name":"wp","href":"https:\/\/api.w.org\/{rel}","templated":true}]}}