{"id":1977,"date":"2026-03-31T16:41:01","date_gmt":"2026-03-31T16:41:01","guid":{"rendered":"https:\/\/cness.ne\/?p=1977"},"modified":"2026-03-31T16:41:01","modified_gmt":"2026-03-31T16:41:01","slug":"colloque-international-intitule-regards-croises-sur-la-mendicite-au-sahel","status":"publish","type":"post","link":"https:\/\/cness.ne\/?p=1977","title":{"rendered":"COLLOQUE INTERNATIONAL INTITUL\u00c9 : REGARDS CROIS\u00c9S SUR LA MENDICIT\u00c9 AU SAHEL"},"content":{"rendered":"\n<p>Le mardi 24 mars 2026, l\u2019auditorium WASCAL de l\u2019Universit\u00e9 Abdou Moumouni (UAM) de Niamey a servi de cadre \u00e0 l\u2019ouverture d\u2019un \u00e9v\u00e9nement scientifique majeur : le colloque international intitul\u00e9 \u00ab REGARDS CROIS\u00c9S SUR LA MENDICIT\u00c9 AU SAHEL \u00bb. Le Centre National d\u2019Etudes Strat\u00e9giques et de S\u00e9curit\u00e9 (CNESS) en tant que partenaire officiel \u00e9tait pr\u00e9sent \u00e0 cette rencontre scientifique. En cette circonstance, le Directeur du CNESS a mandat\u00e9 le Lieutenant-Colonel Mahamadou MAMADOU pour repr\u00e9senter le centre \u00e0 cet \u00e9v\u00e8nement.<\/p>\n\n\n\n<p>Ainsi, apr\u00e8s les \u00e9l\u00e9ments protocolaires, le maitre de c\u00e9r\u00e9monie a bri\u00e8vement pr\u00e9sent\u00e9 les enjeux de la mendicit\u00e9 au Sahel en g\u00e9n\u00e9ral et au Niger en particulier, et a par la suite, d\u00e9roul\u00e9 le programme des activit\u00e9s du colloque.<\/p>\n\n\n\n<p>L\u2019Administrateur d\u00e9l\u00e9gu\u00e9 de la ville de Niamey a \u00e9t\u00e9 le premier \u00e0 prononcer son discours. Il a d\u2019entr\u00e9e de jeu, pr\u00e9cis\u00e9 que la mendicit\u00e9 est une pr\u00e9occupation qui appelle la responsabilit\u00e9 des acteurs \u00e0 tous les niveaux. Pour cela, une transformation des politiques publiques est n\u00e9cessaire pour y parvenir. Cela \u00e9vitera au Sahel d\u2019une mani\u00e8re g\u00e9n\u00e9rale d\u2019\u00eatre une terre de mendicit\u00e9 qui pourra jouer sur la s\u00e9curit\u00e9 collective. Pour l\u2019AD de la ville-capitale, il va falloir aller vers une prise en charge efficace des vuln\u00e9rabilit\u00e9s. Il est important donc de mobiliser des analyses pertinentes du ph\u00e9nom\u00e8ne de la mendicit\u00e9. En cela, le colloque peut \u00eatre un point de d\u00e9part d\u2019une solution au probl\u00e8me.<\/p>\n\n\n\n<p>En prenant la parole, le coordonnateur scientifique du colloque s\u2019est r\u00e9joui de la pr\u00e9sence de douze (12) pays \u00e0 cette rencontre et a remerci\u00e9 tous ceux qui se sont impliqu\u00e9s pour que cette rencontre soit une r\u00e9ussite. Il pr\u00e9cisa que la mendicit\u00e9 est symptomatique d\u2019une mutation des soci\u00e9t\u00e9s sah\u00e9liennes. Il d\u00e9plore par ailleurs le fait que la pratique donne souvent une certaine image qui ne doit pas \u00eatre la n\u00f4tre. Pour lui, ce colloque vient combler un vide sur une th\u00e9matique peu \u00e9tudi\u00e9 et dont le d\u00e9cryptage permet de comprendre tous les contours et pouvoir agir en cons\u00e9quence.<\/p>\n\n\n\n<p>C\u2019est fut le tour du Doyen de la Facult\u00e9 des Lettres et Sciences Humaines d\u2019intervenir pour remercier les partenaires qui ont contribu\u00e9 \u00e0 la tenue de ce colloque. A ce niveau il a fait une mention sp\u00e9ciale \u00e0 la coop\u00e9ration suisse qui pendant pr\u00e8s de quarante-trois (43) ans, a \u00e9t\u00e9 au c\u00f4t\u00e9 de l\u2019Universit\u00e9 Abdou Moumouni dans une coop\u00e9ration fructueuse. Il a profit\u00e9 de cet instant solennel pour annoncer que le pr\u00e9sent colloque n\u2019est que le point de d\u00e9part d\u2019une s\u00e9rie de rencontres et de r\u00e9flexions sur la mendicit\u00e9. En effet, il a pr\u00e9cis\u00e9 qu\u2019un atelier de r\u00e9flexion sur la diss\u00e9mination des r\u00e9sultats du colloque se tiendra \u00e0 Maradi. L\u2019objectif de cette rencontre est d\u2019aboutir \u00e0 la mise en place d\u2019un programme de recherche multidisciplinaire sur la probl\u00e9matique de la mendicit\u00e9 au Sahel. C\u2019est une occasion qui permettra de cr\u00e9er un espace de connexion entre le monde de la recherche et les autres couches de la nation pour une synergie commune face \u00e0 la probl\u00e9matique de la mendicit\u00e9.<\/p>\n\n\n\n<p>Le Recteur de l\u2019Universit\u00e9 Abdou Moumouni de Niamey a profit\u00e9 de cette occasion pour rappeler les missions assign\u00e9es \u00e0 l\u2019Universit\u00e9 dont la recherche des solutions aux probl\u00e8mes de d\u00e9veloppement du Niger en affirmant sa double vocation d\u2019institution de recherche fondamentale et appliqu\u00e9e. Pour ce qui concerne la th\u00e9matique de la mendicit\u00e9, il a soulign\u00e9 que l\u2019UAM participe d\u00e9j\u00e0 aux travaux du comit\u00e9 interminist\u00e9riel charg\u00e9 de r\u00e9fl\u00e9chir sur le retour des Nig\u00e9riens en situation de mendicit\u00e9 dans les pays de la sous-r\u00e9gion. Il termine ses propos sur la n\u00e9cessit\u00e9 de la mise en commun des savoirs pour une analyse pertinente de la probl\u00e9matique de la mendicit\u00e9.<\/p>\n\n\n\n<p>Enfin, le Secr\u00e9taire G\u00e9n\u00e9ral adjoint repr\u00e9sentant le Ministre de l\u2019Enseignement Sup\u00e9rieur, de la Recherche et des Innovations technologiques emp\u00each\u00e9, a prononc\u00e9 le discours de lancement des travaux du colloque. Mais avant, il a soulign\u00e9 l\u2019importance de ce colloque dans la mesure o\u00f9, il permet d\u2019\u00e9clairer l\u2019action publique. Car pour lui, les fragilit\u00e9s r\u00e9v\u00e9l\u00e9es par la mendicit\u00e9 sont un frein au d\u00e9veloppement national. Il pr\u00e9cise que la compr\u00e9hension de la mendicit\u00e9 n\u00e9cessite une analyse des in\u00e9galit\u00e9s sociales afin de faire face aux crises au Sahel.<\/p>\n\n\n\n<p>La c\u00e9r\u00e9monie d\u2019ouverture du pr\u00e9sent colloque, ponctu\u00e9e d&rsquo;interm\u00e8des culturels (slam et po\u00e9sie sur la mendicit\u00e9) anim\u00e9es par les \u00e9tudiants de la Facult\u00e9 des Lettres et Sciences Humaines de l\u2019Universit\u00e9 Abdou Moumouni de Niamey, s&rsquo;est achev\u00e9e par la traditionnelle photo de famille, suivie d&rsquo;une pause-caf\u00e9 offerte \u00e0 l&rsquo;assistance.<\/p>\n\n\n\n<figure class=\"wp-block-image size-full\"><img loading=\"lazy\" decoding=\"async\" width=\"870\" height=\"580\" src=\"https:\/\/cness.ne\/wp-content\/uploads\/2026\/03\/sw2.jpg\" alt=\"\" class=\"wp-image-1979\" srcset=\"https:\/\/cness.ne\/wp-content\/uploads\/2026\/03\/sw2.jpg 870w, https:\/\/cness.ne\/wp-content\/uploads\/2026\/03\/sw2-300x200.jpg 300w, https:\/\/cness.ne\/wp-content\/uploads\/2026\/03\/sw2-768x512.jpg 768w\" sizes=\"auto, (max-width: 870px) 100vw, 870px\" \/><\/figure>\n\n\n\n<figure class=\"wp-block-image size-full\"><img loading=\"lazy\" decoding=\"async\" width=\"870\" height=\"580\" src=\"https:\/\/cness.ne\/wp-content\/uploads\/2026\/03\/sw1.jpg\" alt=\"\" class=\"wp-image-1980\" srcset=\"https:\/\/cness.ne\/wp-content\/uploads\/2026\/03\/sw1.jpg 870w, https:\/\/cness.ne\/wp-content\/uploads\/2026\/03\/sw1-300x200.jpg 300w, https:\/\/cness.ne\/wp-content\/uploads\/2026\/03\/sw1-768x512.jpg 768w\" sizes=\"auto, (max-width: 870px) 100vw, 870px\" \/><\/figure>\n\n\n\n<figure class=\"wp-block-image size-full\"><img loading=\"lazy\" decoding=\"async\" width=\"870\" height=\"580\" src=\"https:\/\/cness.ne\/wp-content\/uploads\/2026\/03\/3-2.jpg\" alt=\"\" class=\"wp-image-1981\" srcset=\"https:\/\/cness.ne\/wp-content\/uploads\/2026\/03\/3-2.jpg 870w, https:\/\/cness.ne\/wp-content\/uploads\/2026\/03\/3-2-300x200.jpg 300w, https:\/\/cness.ne\/wp-content\/uploads\/2026\/03\/3-2-768x512.jpg 768w\" sizes=\"auto, (max-width: 870px) 100vw, 870px\" \/><\/figure>\n","protected":false},"excerpt":{"rendered":"<p>Le mardi 24 mars 2026, l\u2019auditorium WASCAL de l\u2019Universit\u00e9 Abdou Moumouni (UAM) de Niamey a servi de cadre \u00e0 l\u2019ouverture d\u2019un \u00e9v\u00e9nement scientifique majeur : le colloque international intitul\u00e9 \u00ab REGARDS CROIS\u00c9S SUR LA MENDICIT\u00c9 AU SAHEL \u00bb. Le Centre National d\u2019Etudes Strat\u00e9giques et de S\u00e9curit\u00e9 (CNESS) en tant que partenaire officiel \u00e9tait pr\u00e9sent \u00e0 [&hellip;]<\/p>\n","protected":false},"author":1,"featured_media":1978,"comment_status":"open","ping_status":"open","sticky":false,"template":"","format":"standard","meta":{"footnotes":""},"categories":[1],"tags":[],"class_list":["post-1977","post","type-post","status-publish","format-standard","has-post-thumbnail","hentry","category-actualite"],"_links":{"self":[{"href":"https:\/\/cness.ne\/index.php?rest_route=\/wp\/v2\/posts\/1977","targetHints":{"allow":["GET"]}}],"collection":[{"href":"https:\/\/cness.ne\/index.php?rest_route=\/wp\/v2\/posts"}],"about":[{"href":"https:\/\/cness.ne\/index.php?rest_route=\/wp\/v2\/types\/post"}],"author":[{"embeddable":true,"href":"https:\/\/cness.ne\/index.php?rest_route=\/wp\/v2\/users\/1"}],"replies":[{"embeddable":true,"href":"https:\/\/cness.ne\/index.php?rest_route=%2Fwp%2Fv2%2Fcomments&post=1977"}],"version-history":[{"count":1,"href":"https:\/\/cness.ne\/index.php?rest_route=\/wp\/v2\/posts\/1977\/revisions"}],"predecessor-version":[{"id":1982,"href":"https:\/\/cness.ne\/index.php?rest_route=\/wp\/v2\/posts\/1977\/revisions\/1982"}],"wp:featuredmedia":[{"embeddable":true,"href":"https:\/\/cness.ne\/index.php?rest_route=\/wp\/v2\/media\/1978"}],"wp:attachment":[{"href":"https:\/\/cness.ne\/index.php?rest_route=%2Fwp%2Fv2%2Fmedia&parent=1977"}],"wp:term":[{"taxonomy":"category","embeddable":true,"href":"https:\/\/cness.ne\/index.php?rest_route=%2Fwp%2Fv2%2Fcategories&post=1977"},{"taxonomy":"post_tag","embeddable":true,"href":"https:\/\/cness.ne\/index.php?rest_route=%2Fwp%2Fv2%2Ftags&post=1977"}],"curies":[{"name":"wp","href":"https:\/\/api.w.org\/{rel}","templated":true}]}}