{"id":1983,"date":"2026-04-02T16:25:51","date_gmt":"2026-04-02T16:25:51","guid":{"rendered":"https:\/\/cness.ne\/?p=1983"},"modified":"2026-04-02T16:25:51","modified_gmt":"2026-04-02T16:25:51","slug":"visite-du-secretaire-general-adjoint-de-la-presidence-de-la-republique-du-niger","status":"publish","type":"post","link":"https:\/\/cness.ne\/?p=1983","title":{"rendered":"VISITE DU SECRETAIRE GENERAL ADJOINT DE LA PRESIDENCE DE LA REPUBLIQUE DU NIGER."},"content":{"rendered":"\n<p>Ce jeudi 2 avril 2026, le Centre National d\u2019\u00c9tudes Strat\u00e9giques et de S\u00e9curit\u00e9 (CNESS) a re\u00e7u la visite du Secr\u00e9taire G\u00e9n\u00e9ral Adjoint de la Pr\u00e9sidence, Monsieur Salissou OUMAROU.<\/p>\n\n\n\n<p>Cette visite s\u2019inscrit dans le cadre d\u2019une prise de contact et d\u2019information visant \u00e0 mieux appr\u00e9hender les missions, l\u2019organisation et le fonctionnement du CNESS, cadre permanent de r\u00e9flexion, d\u2019analyse et de production de connaissance.<\/p>\n\n\n\n<p>Au cours de la s\u00e9ance de travail, le Directeur du CNESS, le Colonel-Major Mahamadou NOUHOU BAKO a pr\u00e9sent\u00e9 de mani\u00e8re d\u00e9taill\u00e9e l\u2019organisation administrative et op\u00e9rationnelle du Centre. Il a rappel\u00e9 que le CNESS a \u00e9t\u00e9 cr\u00e9\u00e9 par d\u00e9cret en 2015, modifi\u00e9 et compl\u00e9t\u00e9 en 2019, avant de souligner la n\u00e9cessit\u00e9 d\u2019adapter continuellement son fonctionnement aux \u00e9volutions des enjeux strat\u00e9giques et s\u00e9curitaires nationaux et internationaux, afin de r\u00e9pondre efficacement aux attentes assign\u00e9es \u00e0 cette institution. Il a, par ailleurs, expos\u00e9 les grandes orientations de sa vision strat\u00e9gique pour le renforcement du r\u00f4le et des capacit\u00e9s du Centre.<\/p>\n\n\n\n<p>La rencontre s\u2019est poursuivie par une visite guid\u00e9e des installations du CNESS, suivie d\u2019un entretien avec le comit\u00e9 charg\u00e9 de l\u2019\u00e9laboration des Termes de R\u00e9f\u00e9rence (TDR) d\u2019une \u00e9tude portant sur le th\u00e8me : \u00ab Femmes et extr\u00e9misme violent au Niger \u00bb regroupant plusieurs structures.<\/p>\n\n\n\n<p>\u00c0 l\u2019issue des \u00e9changes, le Secr\u00e9taire G\u00e9n\u00e9ral Adjoint a salu\u00e9 la qualit\u00e9 des pr\u00e9sentations ainsi que du r\u00f4le essentiel jou\u00e9 par le CNESS dans l\u2019analyse et l\u2019anticipation des questions s\u00e9curitaires et strat\u00e9giques. Il a r\u00e9affirm\u00e9 la disponibilit\u00e9 de la Pr\u00e9sidence de la R\u00e9publique \u00e0 accompagner les initiatives du Centre dans le cadre d\u2019une souverainet\u00e9 constructive et durable.<\/p>\n\n\n\n<figure class=\"wp-block-image size-large\"><img loading=\"lazy\" decoding=\"async\" width=\"1024\" height=\"768\" src=\"https:\/\/cness.ne\/wp-content\/uploads\/2026\/04\/2-1024x768.jpg\" alt=\"\" class=\"wp-image-1984\" srcset=\"https:\/\/cness.ne\/wp-content\/uploads\/2026\/04\/2-1024x768.jpg 1024w, https:\/\/cness.ne\/wp-content\/uploads\/2026\/04\/2-300x225.jpg 300w, https:\/\/cness.ne\/wp-content\/uploads\/2026\/04\/2-768x576.jpg 768w, https:\/\/cness.ne\/wp-content\/uploads\/2026\/04\/2-1536x1152.jpg 1536w, https:\/\/cness.ne\/wp-content\/uploads\/2026\/04\/2.jpg 2048w\" sizes=\"auto, (max-width: 1024px) 100vw, 1024px\" \/><\/figure>\n\n\n\n<figure class=\"wp-block-image size-large\"><img loading=\"lazy\" decoding=\"async\" width=\"1024\" height=\"768\" src=\"https:\/\/cness.ne\/wp-content\/uploads\/2026\/04\/10-1024x768.jpg\" alt=\"\" class=\"wp-image-1985\" srcset=\"https:\/\/cness.ne\/wp-content\/uploads\/2026\/04\/10-1024x768.jpg 1024w, https:\/\/cness.ne\/wp-content\/uploads\/2026\/04\/10-300x225.jpg 300w, https:\/\/cness.ne\/wp-content\/uploads\/2026\/04\/10-768x576.jpg 768w, https:\/\/cness.ne\/wp-content\/uploads\/2026\/04\/10-1536x1152.jpg 1536w, https:\/\/cness.ne\/wp-content\/uploads\/2026\/04\/10.jpg 2048w\" sizes=\"auto, (max-width: 1024px) 100vw, 1024px\" \/><\/figure>\n","protected":false},"excerpt":{"rendered":"<p>Ce jeudi 2 avril 2026, le Centre National d\u2019\u00c9tudes Strat\u00e9giques et de S\u00e9curit\u00e9 (CNESS) a re\u00e7u la visite du Secr\u00e9taire G\u00e9n\u00e9ral Adjoint de la Pr\u00e9sidence, Monsieur Salissou OUMAROU. Cette visite s\u2019inscrit dans le cadre d\u2019une prise de contact et d\u2019information visant \u00e0 mieux appr\u00e9hender les missions, l\u2019organisation et le fonctionnement du CNESS, cadre permanent de [&hellip;]<\/p>\n","protected":false},"author":1,"featured_media":1985,"comment_status":"open","ping_status":"open","sticky":false,"template":"","format":"standard","meta":{"footnotes":""},"categories":[1],"tags":[],"class_list":["post-1983","post","type-post","status-publish","format-standard","has-post-thumbnail","hentry","category-actualite"],"_links":{"self":[{"href":"https:\/\/cness.ne\/index.php?rest_route=\/wp\/v2\/posts\/1983","targetHints":{"allow":["GET"]}}],"collection":[{"href":"https:\/\/cness.ne\/index.php?rest_route=\/wp\/v2\/posts"}],"about":[{"href":"https:\/\/cness.ne\/index.php?rest_route=\/wp\/v2\/types\/post"}],"author":[{"embeddable":true,"href":"https:\/\/cness.ne\/index.php?rest_route=\/wp\/v2\/users\/1"}],"replies":[{"embeddable":true,"href":"https:\/\/cness.ne\/index.php?rest_route=%2Fwp%2Fv2%2Fcomments&post=1983"}],"version-history":[{"count":1,"href":"https:\/\/cness.ne\/index.php?rest_route=\/wp\/v2\/posts\/1983\/revisions"}],"predecessor-version":[{"id":1986,"href":"https:\/\/cness.ne\/index.php?rest_route=\/wp\/v2\/posts\/1983\/revisions\/1986"}],"wp:featuredmedia":[{"embeddable":true,"href":"https:\/\/cness.ne\/index.php?rest_route=\/wp\/v2\/media\/1985"}],"wp:attachment":[{"href":"https:\/\/cness.ne\/index.php?rest_route=%2Fwp%2Fv2%2Fmedia&parent=1983"}],"wp:term":[{"taxonomy":"category","embeddable":true,"href":"https:\/\/cness.ne\/index.php?rest_route=%2Fwp%2Fv2%2Fcategories&post=1983"},{"taxonomy":"post_tag","embeddable":true,"href":"https:\/\/cness.ne\/index.php?rest_route=%2Fwp%2Fv2%2Ftags&post=1983"}],"curies":[{"name":"wp","href":"https:\/\/api.w.org\/{rel}","templated":true}]}}